{"id":1906,"date":"2026-09-04T10:32:06","date_gmt":"2026-09-04T13:32:06","guid":{"rendered":"https:\/\/doveresearch.org\/?p=1906"},"modified":"2026-09-04T10:36:28","modified_gmt":"2026-09-04T13:36:28","slug":"palestras-do-seminario-sobre-desenvolvimento-infantil-e-prevencao-da-violencia-estao-disponiveis-online","status":"publish","type":"post","link":"https:\/\/doveresearch.org\/pt\/palestras-do-seminario-sobre-desenvolvimento-infantil-e-prevencao-da-violencia-estao-disponiveis-online\/","title":{"rendered":"Palestras do Semin\u00e1rio sobre Desenvolvimento Infantil e Preven\u00e7\u00e3o da Viol\u00eancia est\u00e3o dispon\u00edveis online"},"content":{"rendered":"<p><em>Assista \u00e0s palestras do Semin\u00e1rio &#8220;Desenvolvimento Infantil e Preven\u00e7\u00e3o da Viol\u00eancia&#8221;: v\u00eddeos est\u00e3o dispon\u00edveis online na \u00edntegra e por sess\u00e3o<\/em><\/p>\n<p>J\u00e1 est\u00e3o dispon\u00edveis para acesso p\u00fablico as grava\u00e7\u00f5es completas e os v\u00eddeos individuais do semin\u00e1rio <em>\u201cDesenvolvimento Infantil e Preven\u00e7\u00e3o da Viol\u00eancia: Evid\u00eancias e Caminhos das Pol\u00edticas P\u00fablicas no Brasil\u201d<\/em>, realizado nos dias 23 e 24 de junho de 2026, na PUCRS, em Porto Alegre. O evento reuniu pesquisadores, gestores p\u00fablicos e sociedade civil para discutir o investimento na inf\u00e2ncia como estrat\u00e9gia central no combate \u00e0 viol\u00eancia ao longo da vida.<\/p>\n<p>Promovido pelo Centro de Pesquisas em Desenvolvimento Humano e Viol\u00eancia (DOVE\/UFPel), pelo Instituto Cidade Segura (ICS) e pela OPAS\/OMS, em colabora\u00e7\u00e3o com a PUCRS, o encontro \u00e9 fruto da atua\u00e7\u00e3o do DOVE como Centro Colaborador da OMS para a Preven\u00e7\u00e3o da Viol\u00eancia Baseada em Evid\u00eancias ao Longo do Ciclo de Vida. <a href=\"https:\/\/www.paho.org\/pt\/noticias\/30-6-2026-opasoms-dove-e-parceiros-fortalecem-dialogo-multissetorial-para-avancar-na\">Mat\u00e9ria publicada no portal da OPAS\/OMS<\/a> ressalta como essas discuss\u00f5es servem de base \u00e0s contribui\u00e7\u00f5es do Brasil para a Segunda Confer\u00eancia Ministerial Global sobre o Fim da Viol\u00eancia contra Crian\u00e7as, que ocorrer\u00e1 em novembro de 2026.<\/p>\n<p><strong>O que voc\u00ea vai encontrar nos v\u00eddeos<\/strong><\/p>\n<p>A programa\u00e7\u00e3o combinou evid\u00eancias cient\u00edficas e aplica\u00e7\u00e3o pr\u00e1tica em dois dias com objetivos complementares:<\/p>\n<ul>\n<li><strong>1\u00ba dia \u2014 Evid\u00eancias cient\u00edficas e desafios estruturais: <\/strong>re\u00fane diagn\u00f3sticos sobre os desafios do pa\u00eds e an\u00e1lises de efetividade das interven\u00e7\u00f5es hoje dispon\u00edveis. Akemi Kamimura, oficial nacional da OPAS\/OMS no Brasil, apresentou atualiza\u00e7\u00f5es do pacote t\u00e9cnico INSPIRE para preven\u00e7\u00e3o da viol\u00eancia contra crian\u00e7as e adolescentes. O diretor do DOVE, Joseph Murray, abordou o impacto das adversidades sobre as hist\u00f3rias de vida no contexto nacional, enquanto o pesquisador do DOVE Eduardo Viegas da Silva apresentou avalia\u00e7\u00f5es de programas parentais para promo\u00e7\u00e3o do desenvolvimento infantil e redu\u00e7\u00e3o da viol\u00eancia. Ma\u00edra (Lila) Teixeira, do N\u00facleo de Estudos da Viol\u00eancia da USP (NEV\/USP), debateu marcadores sociais, racismo e xenofobia na inf\u00e2ncia contempor\u00e2nea. Dandara Ramos, da UFBA e do Comit\u00ea Cient\u00edfico do N\u00facleo Ci\u00eancia pela Inf\u00e2ncia (NCPI), tratou da inser\u00e7\u00e3o da primeira inf\u00e2ncia na pauta da seguran\u00e7a p\u00fablica. O dia contou ainda com contribui\u00e7\u00f5es do IPEA, da PUCRS, do ICS, do Minist\u00e9rio da Sa\u00fade e da Coaliz\u00e3o Brasileira pelo Fim da Viol\u00eancia contra Crian\u00e7as e Adolescentes.<\/li>\n<li><strong>2\u00ba dia \u2014 Gest\u00e3o e implementa\u00e7\u00e3o das pol\u00edticas p\u00fablicas nos territ\u00f3rios: <\/strong>dedicado a ouvir os gestores que implementam essas pol\u00edticas nos tr\u00eas n\u00edveis de governo. Foram apresentadas experi\u00eancias locais dos munic\u00edpios Pelotas\/RS (Pacto Pelotas pela Paz, com Aline Crochemore), Lajeado\/RS (com a prefeita Gl\u00e1ucia Schumacher) e Santo Ant\u00f4nio do Descoberto\/GO. Nos \u00e2mbitos federal e estadual, as apresenta\u00e7\u00f5es trouxeram contribui\u00e7\u00f5es da Secretaria de Aten\u00e7\u00e3o Prim\u00e1ria \u00e0 Sa\u00fade (SAPS\/MS), da Secretaria Nacional dos Direitos da Crian\u00e7a e do Adolescente (SNDCA\/MDHC) e da Secretaria Estadual da Sa\u00fade do RS (SES\/RS).<\/li>\n<\/ul>\n<p>Essa articula\u00e7\u00e3o entre universidades, governos, organismos internacionais e sociedade civil criou um espa\u00e7o de diversidade e integra\u00e7\u00e3o que se estende para al\u00e9m do evento, com discuss\u00f5es que impulsionar\u00e3o novas pesquisas e a\u00e7\u00f5es pr\u00e1ticas do DOVE em parceria com essas institui\u00e7\u00f5es.<\/p>\n<p><strong>Assista aos conte\u00fados do Semin\u00e1rio<\/strong><\/p>\n<ul>\n<li><strong>Assista ao Dia 1 na \u00edntegra (YouTube): <\/strong><a href=\"https:\/\/www.youtube.com\/watch?v=w05_CsZVMgo&amp;t=5369s\"><strong>https:\/\/www.youtube.com\/watch?v=w05_CsZVMgo&amp;t=5369s<\/strong><\/a><\/li>\n<li><strong>Assista ao Dia 2 na \u00edntegra (YouTube): <\/strong><a href=\"https:\/\/www.youtube.com\/watch?v=EbqbGWaCbWY&amp;t=14199s\"><strong>https:\/\/www.youtube.com\/watch?v=EbqbGWaCbWY&amp;t=14199s<\/strong><\/a><\/li>\n<li><a href=\"https:\/\/www.dropbox.com\/home\/Semin%C3%A1rio%20Desenvolvimento%20Infantil%20e%20Preven%C3%A7%C3%A3o%20da%20Viol%C3%AAncia\/V%C3%ADdeos%20das%20Palestras\/Palestras%20individualizadas\"><strong>Acesse as palestras individualizadas (Dropbox)<\/strong><\/a><\/li>\n<\/ul>\n","protected":false},"excerpt":{"rendered":"<p>Assista \u00e0s palestras do Semin\u00e1rio &#8220;Desenvolvimento Infantil e Preven\u00e7\u00e3o da Viol\u00eancia&#8221;: v\u00eddeos est\u00e3o dispon\u00edveis online na \u00edntegra e por sess\u00e3o J\u00e1 est\u00e3o dispon\u00edveis para acesso p\u00fablico as grava\u00e7\u00f5es completas e os v\u00eddeos individuais do semin\u00e1rio \u201cDesenvolvimento Infantil e Preven\u00e7\u00e3o da Viol\u00eancia: Evid\u00eancias e Caminhos das Pol\u00edticas P\u00fablicas no Brasil\u201d, realizado nos dias 23 e 24 [&hellip;]<\/p>\n","protected":false},"author":2,"featured_media":1904,"comment_status":"closed","ping_status":"closed","sticky":false,"template":"","format":"standard","meta":{"footnotes":""},"categories":[2],"tags":[],"class_list":["post-1906","post","type-post","status-publish","format-standard","has-post-thumbnail","hentry","category-nao-categorizado"],"acf":[],"yoast_head":"<!-- This site is optimized with the Yoast SEO plugin v26.9 - https:\/\/yoast.com\/product\/yoast-seo-wordpress\/ -->\n<title>Palestras do Semin\u00e1rio sobre Desenvolvimento Infantil e Preven\u00e7\u00e3o da Viol\u00eancia est\u00e3o dispon\u00edveis online - DOVE - HUMAN DEVELOPMENT AND VIOLENCE RESEARCH CENTRE<\/title>\n<meta name=\"robots\" content=\"index, follow, max-snippet:-1, max-image-preview:large, max-video-preview:-1\" \/>\n<link rel=\"canonical\" href=\"https:\/\/doveresearch.org\/pt\/palestras-do-seminario-sobre-desenvolvimento-infantil-e-prevencao-da-violencia-estao-disponiveis-online\/\" \/>\n<meta property=\"og:locale\" content=\"pt_PT\" \/>\n<meta property=\"og:type\" content=\"article\" \/>\n<meta property=\"og:title\" content=\"Palestras do Semin\u00e1rio sobre Desenvolvimento Infantil e Preven\u00e7\u00e3o da Viol\u00eancia est\u00e3o dispon\u00edveis online - DOVE - HUMAN DEVELOPMENT AND VIOLENCE RESEARCH CENTRE\" \/>\n<meta property=\"og:description\" content=\"Assista \u00e0s palestras do Semin\u00e1rio &#8220;Desenvolvimento Infantil e Preven\u00e7\u00e3o da Viol\u00eancia&#8221;: v\u00eddeos est\u00e3o dispon\u00edveis online na \u00edntegra e por sess\u00e3o J\u00e1 est\u00e3o dispon\u00edveis para acesso p\u00fablico as grava\u00e7\u00f5es completas e os v\u00eddeos individuais do semin\u00e1rio \u201cDesenvolvimento Infantil e Preven\u00e7\u00e3o da Viol\u00eancia: Evid\u00eancias e Caminhos das Pol\u00edticas P\u00fablicas no Brasil\u201d, realizado nos dias 23 e 24 [&hellip;]\" \/>\n<meta property=\"og:url\" content=\"https:\/\/doveresearch.org\/pt\/palestras-do-seminario-sobre-desenvolvimento-infantil-e-prevencao-da-violencia-estao-disponiveis-online\/\" \/>\n<meta property=\"og:site_name\" content=\"DOVE - HUMAN DEVELOPMENT AND VIOLENCE RESEARCH CENTRE\" \/>\n<meta property=\"article:published_time\" content=\"2026-09-04T13:32:06+00:00\" \/>\n<meta property=\"article:modified_time\" content=\"2026-09-04T13:36:28+00:00\" \/>\n<meta property=\"og:image\" content=\"https:\/\/doveresearch.org\/wp-content\/uploads\/2026\/09\/tela-de-espera_Cintia-1.jpg\" \/>\n\t<meta property=\"og:image:width\" content=\"1872\" \/>\n\t<meta property=\"og:image:height\" content=\"832\" \/>\n\t<meta property=\"og:image:type\" content=\"image\/jpeg\" \/>\n<meta name=\"author\" content=\"Doveresearch\" \/>\n<meta name=\"twitter:card\" content=\"summary_large_image\" \/>\n<meta name=\"twitter:creator\" content=\"@dove_research\" \/>\n<meta name=\"twitter:site\" content=\"@dove_research\" \/>\n<meta name=\"twitter:label1\" content=\"Written by\" \/>\n\t<meta name=\"twitter:data1\" content=\"Doveresearch\" \/>\n\t<meta name=\"twitter:label2\" content=\"Est. reading time\" \/>\n\t<meta name=\"twitter:data2\" content=\"3 minutes\" \/>\n<script type=\"application\/ld+json\" class=\"yoast-schema-graph\">{\"@context\":\"https:\/\/schema.org\",\"@graph\":[{\"@type\":\"Article\",\"@id\":\"https:\/\/doveresearch.org\/pt\/palestras-do-seminario-sobre-desenvolvimento-infantil-e-prevencao-da-violencia-estao-disponiveis-online\/#article\",\"isPartOf\":{\"@id\":\"https:\/\/doveresearch.org\/pt\/palestras-do-seminario-sobre-desenvolvimento-infantil-e-prevencao-da-violencia-estao-disponiveis-online\/\"},\"author\":{\"name\":\"Doveresearch\",\"@id\":\"https:\/\/doveresearch.org\/#\/schema\/person\/01e0b7575d16103f46c4b3e46b9f9036\"},\"headline\":\"Palestras do Semin\u00e1rio sobre Desenvolvimento Infantil e Preven\u00e7\u00e3o da Viol\u00eancia est\u00e3o dispon\u00edveis online\",\"datePublished\":\"2026-09-04T13:32:06+00:00\",\"dateModified\":\"2026-09-04T13:36:28+00:00\",\"mainEntityOfPage\":{\"@id\":\"https:\/\/doveresearch.org\/pt\/palestras-do-seminario-sobre-desenvolvimento-infantil-e-prevencao-da-violencia-estao-disponiveis-online\/\"},\"wordCount\":654,\"image\":{\"@id\":\"https:\/\/doveresearch.org\/pt\/palestras-do-seminario-sobre-desenvolvimento-infantil-e-prevencao-da-violencia-estao-disponiveis-online\/#primaryimage\"},\"thumbnailUrl\":\"https:\/\/doveresearch.org\/wp-content\/uploads\/2026\/09\/tela-de-espera_Cintia-1.jpg\",\"articleSection\":[\"N\u00e3o categorizado\"],\"inLanguage\":\"pt-br\"},{\"@type\":\"WebPage\",\"@id\":\"https:\/\/doveresearch.org\/pt\/palestras-do-seminario-sobre-desenvolvimento-infantil-e-prevencao-da-violencia-estao-disponiveis-online\/\",\"url\":\"https:\/\/doveresearch.org\/pt\/palestras-do-seminario-sobre-desenvolvimento-infantil-e-prevencao-da-violencia-estao-disponiveis-online\/\",\"name\":\"Palestras do Semin\u00e1rio sobre Desenvolvimento Infantil e Preven\u00e7\u00e3o da Viol\u00eancia est\u00e3o dispon\u00edveis online - DOVE - HUMAN DEVELOPMENT AND VIOLENCE RESEARCH CENTRE\",\"isPartOf\":{\"@id\":\"https:\/\/doveresearch.org\/#website\"},\"primaryImageOfPage\":{\"@id\":\"https:\/\/doveresearch.org\/pt\/palestras-do-seminario-sobre-desenvolvimento-infantil-e-prevencao-da-violencia-estao-disponiveis-online\/#primaryimage\"},\"image\":{\"@id\":\"https:\/\/doveresearch.org\/pt\/palestras-do-seminario-sobre-desenvolvimento-infantil-e-prevencao-da-violencia-estao-disponiveis-online\/#primaryimage\"},\"thumbnailUrl\":\"https:\/\/doveresearch.org\/wp-content\/uploads\/2026\/09\/tela-de-espera_Cintia-1.jpg\",\"datePublished\":\"2026-09-04T13:32:06+00:00\",\"dateModified\":\"2026-09-04T13:36:28+00:00\",\"author\":{\"@id\":\"https:\/\/doveresearch.org\/#\/schema\/person\/01e0b7575d16103f46c4b3e46b9f9036\"},\"breadcrumb\":{\"@id\":\"https:\/\/doveresearch.org\/pt\/palestras-do-seminario-sobre-desenvolvimento-infantil-e-prevencao-da-violencia-estao-disponiveis-online\/#breadcrumb\"},\"inLanguage\":\"pt-br\",\"potentialAction\":[{\"@type\":\"ReadAction\",\"target\":[\"https:\/\/doveresearch.org\/pt\/palestras-do-seminario-sobre-desenvolvimento-infantil-e-prevencao-da-violencia-estao-disponiveis-online\/\"]}]},{\"@type\":\"ImageObject\",\"inLanguage\":\"pt-br\",\"@id\":\"https:\/\/doveresearch.org\/pt\/palestras-do-seminario-sobre-desenvolvimento-infantil-e-prevencao-da-violencia-estao-disponiveis-online\/#primaryimage\",\"url\":\"https:\/\/doveresearch.org\/wp-content\/uploads\/2026\/09\/tela-de-espera_Cintia-1.jpg\",\"contentUrl\":\"https:\/\/doveresearch.org\/wp-content\/uploads\/2026\/09\/tela-de-espera_Cintia-1.jpg\",\"width\":1872,\"height\":832},{\"@type\":\"BreadcrumbList\",\"@id\":\"https:\/\/doveresearch.org\/pt\/palestras-do-seminario-sobre-desenvolvimento-infantil-e-prevencao-da-violencia-estao-disponiveis-online\/#breadcrumb\",\"itemListElement\":[{\"@type\":\"ListItem\",\"position\":1,\"name\":\"In\u00edcio\",\"item\":\"https:\/\/doveresearch.org\/pt\/\"},{\"@type\":\"ListItem\",\"position\":2,\"name\":\"Palestras do Semin\u00e1rio sobre Desenvolvimento Infantil e Preven\u00e7\u00e3o da Viol\u00eancia est\u00e3o dispon\u00edveis online\"}]},{\"@type\":\"WebSite\",\"@id\":\"https:\/\/doveresearch.org\/#website\",\"url\":\"https:\/\/doveresearch.org\/\",\"name\":\"DOVE - HUMAN DEVELOPMENT AND VIOLENCE RESEARCH CENTRE\",\"description\":\"Contact the DOVE team at +55 53 3284-1300 or by e-mail contact@doveresearch.org. | Address: Rua Marechal Deodoro, 1160, 3\u00ba Piso \/ Pelotas, 96020-220, Brasil\",\"potentialAction\":[{\"@type\":\"SearchAction\",\"target\":{\"@type\":\"EntryPoint\",\"urlTemplate\":\"https:\/\/doveresearch.org\/?s={search_term_string}\"},\"query-input\":{\"@type\":\"PropertyValueSpecification\",\"valueRequired\":true,\"valueName\":\"search_term_string\"}}],\"inLanguage\":\"pt-br\"},{\"@type\":\"Person\",\"@id\":\"https:\/\/doveresearch.org\/#\/schema\/person\/01e0b7575d16103f46c4b3e46b9f9036\",\"name\":\"Doveresearch\",\"image\":{\"@type\":\"ImageObject\",\"inLanguage\":\"pt-br\",\"@id\":\"https:\/\/doveresearch.org\/#\/schema\/person\/image\/\",\"url\":\"https:\/\/secure.gravatar.com\/avatar\/eacff57466e7866b4d22aa66a06bbacc21daede4fb4cd5b148d805b55f74242d?s=96&d=mm&r=g\",\"contentUrl\":\"https:\/\/secure.gravatar.com\/avatar\/eacff57466e7866b4d22aa66a06bbacc21daede4fb4cd5b148d805b55f74242d?s=96&d=mm&r=g\",\"caption\":\"Doveresearch\"},\"url\":\"https:\/\/doveresearch.org\/pt\/author\/doveresearch\/\"}]}<\/script>\n<!-- \/ Yoast SEO plugin. -->","yoast_head_json":{"title":"Palestras do Semin\u00e1rio sobre Desenvolvimento Infantil e Preven\u00e7\u00e3o da Viol\u00eancia est\u00e3o dispon\u00edveis online - DOVE - HUMAN DEVELOPMENT AND VIOLENCE RESEARCH CENTRE","robots":{"index":"index","follow":"follow","max-snippet":"max-snippet:-1","max-image-preview":"max-image-preview:large","max-video-preview":"max-video-preview:-1"},"canonical":"https:\/\/doveresearch.org\/pt\/palestras-do-seminario-sobre-desenvolvimento-infantil-e-prevencao-da-violencia-estao-disponiveis-online\/","og_locale":"pt_PT","og_type":"article","og_title":"Palestras do Semin\u00e1rio sobre Desenvolvimento Infantil e Preven\u00e7\u00e3o da Viol\u00eancia est\u00e3o dispon\u00edveis online - DOVE - HUMAN DEVELOPMENT AND VIOLENCE RESEARCH CENTRE","og_description":"Assista \u00e0s palestras do Semin\u00e1rio &#8220;Desenvolvimento Infantil e Preven\u00e7\u00e3o da Viol\u00eancia&#8221;: v\u00eddeos est\u00e3o dispon\u00edveis online na \u00edntegra e por sess\u00e3o J\u00e1 est\u00e3o dispon\u00edveis para acesso p\u00fablico as grava\u00e7\u00f5es completas e os v\u00eddeos individuais do semin\u00e1rio \u201cDesenvolvimento Infantil e Preven\u00e7\u00e3o da Viol\u00eancia: Evid\u00eancias e Caminhos das Pol\u00edticas P\u00fablicas no Brasil\u201d, realizado nos dias 23 e 24 [&hellip;]","og_url":"https:\/\/doveresearch.org\/pt\/palestras-do-seminario-sobre-desenvolvimento-infantil-e-prevencao-da-violencia-estao-disponiveis-online\/","og_site_name":"DOVE - HUMAN DEVELOPMENT AND VIOLENCE RESEARCH CENTRE","article_published_time":"2026-09-04T13:32:06+00:00","article_modified_time":"2026-09-04T13:36:28+00:00","og_image":[{"width":1872,"height":832,"url":"https:\/\/doveresearch.org\/wp-content\/uploads\/2026\/09\/tela-de-espera_Cintia-1.jpg","type":"image\/jpeg"}],"author":"Doveresearch","twitter_card":"summary_large_image","twitter_creator":"@dove_research","twitter_site":"@dove_research","twitter_misc":{"Written by":"Doveresearch","Est. reading time":"3 minutes"},"schema":{"@context":"https:\/\/schema.org","@graph":[{"@type":"Article","@id":"https:\/\/doveresearch.org\/pt\/palestras-do-seminario-sobre-desenvolvimento-infantil-e-prevencao-da-violencia-estao-disponiveis-online\/#article","isPartOf":{"@id":"https:\/\/doveresearch.org\/pt\/palestras-do-seminario-sobre-desenvolvimento-infantil-e-prevencao-da-violencia-estao-disponiveis-online\/"},"author":{"name":"Doveresearch","@id":"https:\/\/doveresearch.org\/#\/schema\/person\/01e0b7575d16103f46c4b3e46b9f9036"},"headline":"Palestras do Semin\u00e1rio sobre Desenvolvimento Infantil e Preven\u00e7\u00e3o da Viol\u00eancia est\u00e3o dispon\u00edveis online","datePublished":"2026-09-04T13:32:06+00:00","dateModified":"2026-09-04T13:36:28+00:00","mainEntityOfPage":{"@id":"https:\/\/doveresearch.org\/pt\/palestras-do-seminario-sobre-desenvolvimento-infantil-e-prevencao-da-violencia-estao-disponiveis-online\/"},"wordCount":654,"image":{"@id":"https:\/\/doveresearch.org\/pt\/palestras-do-seminario-sobre-desenvolvimento-infantil-e-prevencao-da-violencia-estao-disponiveis-online\/#primaryimage"},"thumbnailUrl":"https:\/\/doveresearch.org\/wp-content\/uploads\/2026\/09\/tela-de-espera_Cintia-1.jpg","articleSection":["N\u00e3o categorizado"],"inLanguage":"pt-br"},{"@type":"WebPage","@id":"https:\/\/doveresearch.org\/pt\/palestras-do-seminario-sobre-desenvolvimento-infantil-e-prevencao-da-violencia-estao-disponiveis-online\/","url":"https:\/\/doveresearch.org\/pt\/palestras-do-seminario-sobre-desenvolvimento-infantil-e-prevencao-da-violencia-estao-disponiveis-online\/","name":"Palestras do Semin\u00e1rio sobre Desenvolvimento Infantil e Preven\u00e7\u00e3o da Viol\u00eancia est\u00e3o dispon\u00edveis online - DOVE - HUMAN DEVELOPMENT AND VIOLENCE RESEARCH CENTRE","isPartOf":{"@id":"https:\/\/doveresearch.org\/#website"},"primaryImageOfPage":{"@id":"https:\/\/doveresearch.org\/pt\/palestras-do-seminario-sobre-desenvolvimento-infantil-e-prevencao-da-violencia-estao-disponiveis-online\/#primaryimage"},"image":{"@id":"https:\/\/doveresearch.org\/pt\/palestras-do-seminario-sobre-desenvolvimento-infantil-e-prevencao-da-violencia-estao-disponiveis-online\/#primaryimage"},"thumbnailUrl":"https:\/\/doveresearch.org\/wp-content\/uploads\/2026\/09\/tela-de-espera_Cintia-1.jpg","datePublished":"2026-09-04T13:32:06+00:00","dateModified":"2026-09-04T13:36:28+00:00","author":{"@id":"https:\/\/doveresearch.org\/#\/schema\/person\/01e0b7575d16103f46c4b3e46b9f9036"},"breadcrumb":{"@id":"https:\/\/doveresearch.org\/pt\/palestras-do-seminario-sobre-desenvolvimento-infantil-e-prevencao-da-violencia-estao-disponiveis-online\/#breadcrumb"},"inLanguage":"pt-br","potentialAction":[{"@type":"ReadAction","target":["https:\/\/doveresearch.org\/pt\/palestras-do-seminario-sobre-desenvolvimento-infantil-e-prevencao-da-violencia-estao-disponiveis-online\/"]}]},{"@type":"ImageObject","inLanguage":"pt-br","@id":"https:\/\/doveresearch.org\/pt\/palestras-do-seminario-sobre-desenvolvimento-infantil-e-prevencao-da-violencia-estao-disponiveis-online\/#primaryimage","url":"https:\/\/doveresearch.org\/wp-content\/uploads\/2026\/09\/tela-de-espera_Cintia-1.jpg","contentUrl":"https:\/\/doveresearch.org\/wp-content\/uploads\/2026\/09\/tela-de-espera_Cintia-1.jpg","width":1872,"height":832},{"@type":"BreadcrumbList","@id":"https:\/\/doveresearch.org\/pt\/palestras-do-seminario-sobre-desenvolvimento-infantil-e-prevencao-da-violencia-estao-disponiveis-online\/#breadcrumb","itemListElement":[{"@type":"ListItem","position":1,"name":"In\u00edcio","item":"https:\/\/doveresearch.org\/pt\/"},{"@type":"ListItem","position":2,"name":"Palestras do Semin\u00e1rio sobre Desenvolvimento Infantil e Preven\u00e7\u00e3o da Viol\u00eancia est\u00e3o dispon\u00edveis online"}]},{"@type":"WebSite","@id":"https:\/\/doveresearch.org\/#website","url":"https:\/\/doveresearch.org\/","name":"DOVE - HUMAN DEVELOPMENT AND VIOLENCE RESEARCH CENTRE","description":"Contact the DOVE team at +55 53 3284-1300 or by e-mail contact@doveresearch.org. | Address: Rua Marechal Deodoro, 1160, 3\u00ba Piso \/ Pelotas, 96020-220, Brasil","potentialAction":[{"@type":"SearchAction","target":{"@type":"EntryPoint","urlTemplate":"https:\/\/doveresearch.org\/?s={search_term_string}"},"query-input":{"@type":"PropertyValueSpecification","valueRequired":true,"valueName":"search_term_string"}}],"inLanguage":"pt-br"},{"@type":"Person","@id":"https:\/\/doveresearch.org\/#\/schema\/person\/01e0b7575d16103f46c4b3e46b9f9036","name":"Doveresearch","image":{"@type":"ImageObject","inLanguage":"pt-br","@id":"https:\/\/doveresearch.org\/#\/schema\/person\/image\/","url":"https:\/\/secure.gravatar.com\/avatar\/eacff57466e7866b4d22aa66a06bbacc21daede4fb4cd5b148d805b55f74242d?s=96&d=mm&r=g","contentUrl":"https:\/\/secure.gravatar.com\/avatar\/eacff57466e7866b4d22aa66a06bbacc21daede4fb4cd5b148d805b55f74242d?s=96&d=mm&r=g","caption":"Doveresearch"},"url":"https:\/\/doveresearch.org\/pt\/author\/doveresearch\/"}]}},"_links":{"self":[{"href":"https:\/\/doveresearch.org\/pt\/wp-json\/wp\/v2\/posts\/1906","targetHints":{"allow":["GET"]}}],"collection":[{"href":"https:\/\/doveresearch.org\/pt\/wp-json\/wp\/v2\/posts"}],"about":[{"href":"https:\/\/doveresearch.org\/pt\/wp-json\/wp\/v2\/types\/post"}],"author":[{"embeddable":true,"href":"https:\/\/doveresearch.org\/pt\/wp-json\/wp\/v2\/users\/2"}],"replies":[{"embeddable":true,"href":"https:\/\/doveresearch.org\/pt\/wp-json\/wp\/v2\/comments?post=1906"}],"version-history":[{"count":1,"href":"https:\/\/doveresearch.org\/pt\/wp-json\/wp\/v2\/posts\/1906\/revisions"}],"predecessor-version":[{"id":1907,"href":"https:\/\/doveresearch.org\/pt\/wp-json\/wp\/v2\/posts\/1906\/revisions\/1907"}],"wp:featuredmedia":[{"embeddable":true,"href":"https:\/\/doveresearch.org\/pt\/wp-json\/wp\/v2\/media\/1904"}],"wp:attachment":[{"href":"https:\/\/doveresearch.org\/pt\/wp-json\/wp\/v2\/media?parent=1906"}],"wp:term":[{"taxonomy":"category","embeddable":true,"href":"https:\/\/doveresearch.org\/pt\/wp-json\/wp\/v2\/categories?post=1906"},{"taxonomy":"post_tag","embeddable":true,"href":"https:\/\/doveresearch.org\/pt\/wp-json\/wp\/v2\/tags?post=1906"}],"curies":[{"name":"wp","href":"https:\/\/api.w.org\/{rel}","templated":true}]}}